{"id":1507,"date":"2009-09-22T12:37:47","date_gmt":"2009-09-22T10:37:47","guid":{"rendered":"http:\/\/bobsmile.wordpress.com\/?p=1507"},"modified":"2009-09-22T12:37:47","modified_gmt":"2009-09-22T10:37:47","slug":"das-wirtschaftskrisenmonster-ist-noch-lange-nicht-satt","status":"publish","type":"post","link":"http:\/\/www.bobsmile.ch\/wordpress\/2009\/09\/22\/das-wirtschaftskrisenmonster-ist-noch-lange-nicht-satt\/","title":{"rendered":"Das Wirtschaftskrisenmonster ist noch lange nicht satt"},"content":{"rendered":"<p><strong>&#8230; und gestern frass es sich bei uns mitten durchs Herz.<\/strong><\/p>\n<p>Unser j\u00fcngstes Familienmitglied (Automatikerin, 2.Lehrjahr) kam am Abend mit einer Hiobsbotschaft nach Hause, die sich heute in dieser <a href=\"http:\/\/www.feintool.ch\/medienmitteilung_22._oktober_2009.htm?viewpos=3719\">Medienmitteilung<\/a> auch f\u00fcr die \u00d6ffentlichkeit manifestierte:<\/p>\n<blockquote><p><strong>Feintool im Zeichen der Entwicklung<\/strong><\/p>\n<p>Die markanten Ver\u00e4nderungen in der Automobilindustrie erfordern nachhaltige Massnahmen bei Feintool. Das Unternehmen stellt sich auf mittelfristig niedrigere Produktionsvolumen ein. F\u00fcr das Gesch\u00e4ftsjahr 2008\/09 erwartet Feintool ein negatives Betriebsergebnis, das haupts\u00e4chlich auf ausserordentliche Aufwendungen zur\u00fcckzuf\u00fchren ist. Zuversichtlich zeigt sich Feintool f\u00fcr das kommende Gesch\u00e4ftsjahr 2009\/10. [&#8230;]<\/p><\/blockquote>\n<p>Leider geht das halt auch hier nicht ohne harte Einschnitte bei den weniger gut laufenden Divisionen.<\/p>\n<blockquote><p>[&#8230;] Die Produktion von Automationssystemen in Aarberg soll aufgrund mangelnder Wettbewerbsf\u00e4higkeit und schlechter Auftragslage eingestellt und der Standort auf Ende Januar 2010 geschlossen werden. Trotz der Fusion l\u00e4sst sich ein Stellenabbau wahrscheinlich nicht vermeiden. Die Gesch\u00e4ftsleitung hat ein Konsultationsverfahren eingeleitet und die Mitarbeitenden informiert. Zusammen mit den Personalvertretern wird ein Sozialplan f\u00fcr die 28 betroffenen Mitarbeitenden erarbeitet. <strong>F\u00fcr die neun Lernenden wird Feintool alles daran setzen, um eine L\u00f6sung zur Weiterf\u00fchrung der Lehrausbildungen zu finden.<\/strong><\/p>\n<p>[Quelle: <a href=\"http:\/\/www.feintool.ch\/medienmitteilung_22._oktober_2009.htm?viewpos=3719\">feintool.ch &#8211; medienmitteilung 22.Oktober 2009<\/a>]<\/p><\/blockquote>\n<p>Nun gilt es Daumen dr\u00fccken,\u00a0 dass die Verantwortlichen von Feintool rasch etwas passendes finden. Aber vielleicht hat ja ein(e) nette(r) Mitleser(in) gerade eine passende Stelle frei im Raum Biel, Bern, Burgdorf.<\/p>\n<p>No Panik, Think positiv !<\/p>\n","protected":false},"excerpt":{"rendered":"<p>&#8230; und gestern frass es sich bei uns mitten durchs Herz. Unser j\u00fcngstes Familienmitglied (Automatikerin, 2.Lehrjahr) kam am Abend mit einer Hiobsbotschaft nach Hause, die sich heute in dieser Medienmitteilung auch f\u00fcr die \u00d6ffentlichkeit manifestierte: Feintool im Zeichen der Entwicklung Die markanten Ver\u00e4nderungen in der Automobilindustrie erfordern nachhaltige Massnahmen bei Feintool. Das Unternehmen stellt sichContinue reading &rarr;<\/p>\n","protected":false},"author":2,"featured_media":0,"comment_status":"open","ping_status":"open","sticky":false,"template":"","format":"standard","meta":{"footnotes":""},"categories":[16],"tags":[],"_links":{"self":[{"href":"http:\/\/www.bobsmile.ch\/wordpress\/wp-json\/wp\/v2\/posts\/1507"}],"collection":[{"href":"http:\/\/www.bobsmile.ch\/wordpress\/wp-json\/wp\/v2\/posts"}],"about":[{"href":"http:\/\/www.bobsmile.ch\/wordpress\/wp-json\/wp\/v2\/types\/post"}],"author":[{"embeddable":true,"href":"http:\/\/www.bobsmile.ch\/wordpress\/wp-json\/wp\/v2\/users\/2"}],"replies":[{"embeddable":true,"href":"http:\/\/www.bobsmile.ch\/wordpress\/wp-json\/wp\/v2\/comments?post=1507"}],"version-history":[{"count":0,"href":"http:\/\/www.bobsmile.ch\/wordpress\/wp-json\/wp\/v2\/posts\/1507\/revisions"}],"wp:attachment":[{"href":"http:\/\/www.bobsmile.ch\/wordpress\/wp-json\/wp\/v2\/media?parent=1507"}],"wp:term":[{"taxonomy":"category","embeddable":true,"href":"http:\/\/www.bobsmile.ch\/wordpress\/wp-json\/wp\/v2\/categories?post=1507"},{"taxonomy":"post_tag","embeddable":true,"href":"http:\/\/www.bobsmile.ch\/wordpress\/wp-json\/wp\/v2\/tags?post=1507"}],"curies":[{"name":"wp","href":"https:\/\/api.w.org\/{rel}","templated":true}]}}