{"id":1796,"date":"2009-12-03T07:58:44","date_gmt":"2009-12-03T06:58:44","guid":{"rendered":"http:\/\/bobsmile.wordpress.com\/?p=1796"},"modified":"2009-12-03T07:58:44","modified_gmt":"2009-12-03T06:58:44","slug":"wirtschaftskrise-minarettverbot-und-vollmond","status":"publish","type":"post","link":"http:\/\/www.bobsmile.ch\/wordpress\/2009\/12\/03\/wirtschaftskrise-minarettverbot-und-vollmond\/","title":{"rendered":"Wirtschaftskrise, Minarettverbot und Vollmond"},"content":{"rendered":"<p><strong>Wirtschaftskrisengeschwurbel<\/strong><br \/>\nHurra, es geht wieder aufw\u00e4rts. Jedenfalls wenn man den Experten des SECO glauben darf.<br \/>\n&#8222;[&#8230;]Seine Konjunkturprognosen will das SECO Mitte Dezember aktualisieren. Zuletzt rechnete das Staatssekretariat f\u00fcr 2009 mit einem R\u00fcckgang des BIP um 1,7%. <strong>2010 soll es mit +0,4% wieder leicht aufw\u00e4rts gehen.<\/strong>[..]&#8220;<br \/>\nF\u00fcr Zahlenfetischisten gibt es hier das ganze <a href=\"http:\/\/www.swissinfo.ch\/ger\/news\/newsticker\/wirtschaft\/index\/CH\/seco:_BIP_im_Q3_wieder_leicht_gewachsen_-_PMI_gestiegen_(AF).html?cid=7807132\">SECO-Prognosenges\u00fclze<\/a>.<\/p>\n<p>Wir erinnern uns, noch im M\u00e4rz 2009 konnten wir von Jean-Daniel Gerbers <span style=\"text-decoration:line-through;\">Wettb\u00fcro <\/span>Staatssekretariat <a href=\"http:\/\/www.swissinfo.ch\/ger\/index.html?cid=7262216\">folgendes lesen<\/a>:<\/p>\n<blockquote><p><strong>Seco-Prognose verd\u00fcstert sich<br \/>\n<\/strong><\/p>\n<p><!-- start[TextBlockImpl$$[id: 7262198, name: TextBlock_10424844] - \/WEB-INF\/templates\/ch.swissinfo.prototype.contentbeans\/TextBlock.partInDetail.jsp] --><!-- start[TextBlockImpl$$[id: 7262198, name: TextBlock_10424844] - \/WEB-INF\/templates\/ch.swissinfo.prototype.contentbeans\/TextBlock.title.jsp] -->Die Rezession wird nach den Bef\u00fcrchtungen des Staatssekretariats f\u00fcr Wirtschaft (Seco) die Schweiz h\u00e4rter und l\u00e4nger treffen als bisher angenommen. <strong>Abschwung herrsche auch 2010<\/strong>.<!-- end[TextBlockImpl$$[id: 7262198, name: TextBlock_10424844] - \/WEB-INF\/templates\/ch.swissinfo.prototype.contentbeans\/TextBlock.title.jsp] --><\/p>\n<p><!-- end[TextBlockImpl$$[id: 7262198, name: TextBlock_10424844] - \/WEB-INF\/templates\/ch.swissinfo.prototype.contentbeans\/TextBlock.partInDetail.jsp] --><!-- start[TextBlockImpl$$[id: 7262202, name: TextBlock_10424845] - \/WEB-INF\/templates\/ch.swissinfo.prototype.contentbeans\/TextBlock.partInDetail.jsp] --><!-- start[TextBlockImpl$$[id: 7262202, name: TextBlock_10424845] - \/WEB-INF\/templates\/ch.swissinfo.prototype.contentbeans\/TextBlock.body.jsp] -->&#8222;[&#8230;]Ich kann jedoch schon heute sagen, dass das BIP dieses und n\u00e4chstes Jahr st\u00e4rker sinken wird, als wir bisher angenommen haben&#8220;, sagte der Staatssekret\u00e4r [Jean-Daniel Gerber] in der <em>NZZ am Sonntag<\/em>.<\/p><\/blockquote>\n<p>Also f\u00fcr mich riecht die neuste Prognose stark nach Ankurbelung des Weihnachtsgesch\u00e4fts.<br \/>\nKauft Leute, n\u00e4chstes Jahr wird doch nicht so schlimm. Und wenn dann alle Eink\u00e4ufe get\u00e4tigt, kommt die n\u00e4chste SECO-HIOBS-Prognose &#8230;<\/p>\n<p>Aber im Moment interessiert sowieso mehr das <strong>Minarettverbot <\/strong>und seine Auswirkung f\u00fcr unsere kleine Schweiz.<br \/>\nAuch in der Blogh\u00fctten Nachbarschaft wird fleissig <span style=\"text-decoration:line-through;\">gestritten <\/span>diskutiert:<\/p>\n<p>Da geht es um <a href=\"http:\/\/thinkabout.ch\/article\/das-schreckgespenst-namens-direkte-demokratie-fuer-die-ard\">direkte Demokratie<\/a>, <a href=\"http:\/\/www.blogwiese.ch\/archives\/1232\">Vergleiche mit den Taliban<\/a>, <a href=\"http:\/\/zappadong.blogspot.com\/2009\/11\/und-sie-frau-zappadong.html\">Abstimmungsfrust und -aufarbeitung<\/a>, und den <a href=\"http:\/\/www.bruderbernhard.ch\/latriperie\/?p=1399\">Blick in den Spiegel<\/a>.<\/p>\n<p><strong>Vollmond<\/strong><br \/>\nDer Schuldige f\u00fcr alle kleineren und gr\u00f6ssere Katastrophen schlechthin. Heute Morgen wachte ich um 04.22 auf, einfach so, hellwach, Einschlafen war nicht mehr m\u00f6glich. Ah, ja, Vollmond.<\/p>\n<p>Es k\u00f6nnte nat\u00fcrlich auch an der &#8222;uns staatlich aufgedr\u00e4ngten&#8220; Sommerzeit liegen. [Update, danke Titus:] <em>Also an der Umstellung von dieser zur\u00fcck zur Winterzeit. <\/em><\/p>\n<p>Aprospos, wie lief das damals mit dem \u00fcberraschenden Souver\u00e4nsentscheid? Wir erinnern uns:<\/p>\n<p>&#8222;[&#8230;] i<strong>n der Volksabstimmung am 28. Mai 1978 wurde das Sommerzeit-Gesetz deutlich verworfen. <\/strong>Da nun die Schweiz im Sommer 1980 eine \u201eMEZ-Zeitinsel\u201c inmitten sommerzeitf\u00fchrender L\u00e4nder war, <strong>verabschiedete das Parlament das von der Regierung verlangte Zeitgesetz vom 21. M\u00e4rz 1980<\/strong>, auf dessen Grundlage im folgenden Jahr die Sommerzeit wie in den Nachbarstaaten eingef\u00fchrt wurde.[&#8230;]&#8220;<br \/>\n(Quelle: <a href=\"http:\/\/de.wikipedia.org\/wiki\/Sommerzeit#Schweiz\">wikipedia<\/a>)<\/p>\n","protected":false},"excerpt":{"rendered":"<p>Wirtschaftskrisengeschwurbel Hurra, es geht wieder aufw\u00e4rts. Jedenfalls wenn man den Experten des SECO glauben darf. &#8222;[&#8230;]Seine Konjunkturprognosen will das SECO Mitte Dezember aktualisieren. Zuletzt rechnete das Staatssekretariat f\u00fcr 2009 mit einem R\u00fcckgang des BIP um 1,7%. 2010 soll es mit +0,4% wieder leicht aufw\u00e4rts gehen.[..]&#8220; F\u00fcr Zahlenfetischisten gibt es hier das ganze SECO-Prognosenges\u00fclze. Wir erinnernContinue reading &rarr;<\/p>\n","protected":false},"author":2,"featured_media":0,"comment_status":"open","ping_status":"open","sticky":false,"template":"","format":"standard","meta":{"footnotes":""},"categories":[8,12],"tags":[],"_links":{"self":[{"href":"http:\/\/www.bobsmile.ch\/wordpress\/wp-json\/wp\/v2\/posts\/1796"}],"collection":[{"href":"http:\/\/www.bobsmile.ch\/wordpress\/wp-json\/wp\/v2\/posts"}],"about":[{"href":"http:\/\/www.bobsmile.ch\/wordpress\/wp-json\/wp\/v2\/types\/post"}],"author":[{"embeddable":true,"href":"http:\/\/www.bobsmile.ch\/wordpress\/wp-json\/wp\/v2\/users\/2"}],"replies":[{"embeddable":true,"href":"http:\/\/www.bobsmile.ch\/wordpress\/wp-json\/wp\/v2\/comments?post=1796"}],"version-history":[{"count":0,"href":"http:\/\/www.bobsmile.ch\/wordpress\/wp-json\/wp\/v2\/posts\/1796\/revisions"}],"wp:attachment":[{"href":"http:\/\/www.bobsmile.ch\/wordpress\/wp-json\/wp\/v2\/media?parent=1796"}],"wp:term":[{"taxonomy":"category","embeddable":true,"href":"http:\/\/www.bobsmile.ch\/wordpress\/wp-json\/wp\/v2\/categories?post=1796"},{"taxonomy":"post_tag","embeddable":true,"href":"http:\/\/www.bobsmile.ch\/wordpress\/wp-json\/wp\/v2\/tags?post=1796"}],"curies":[{"name":"wp","href":"https:\/\/api.w.org\/{rel}","templated":true}]}}