{"id":1821,"date":"2009-12-09T23:38:20","date_gmt":"2009-12-09T22:38:20","guid":{"rendered":"http:\/\/bobsmile.wordpress.com\/?p=1821"},"modified":"2009-12-09T23:38:20","modified_gmt":"2009-12-09T22:38:20","slug":"advent-zeit-der-realen-sozialen-netze","status":"publish","type":"post","link":"http:\/\/www.bobsmile.ch\/wordpress\/2009\/12\/09\/advent-zeit-der-realen-sozialen-netze\/","title":{"rendered":"Advent &#8211; Zeit der realen sozialen Netze"},"content":{"rendered":"<p>Heute machte ich einen kurzen Verdauungsspaziergang \u00fcber die Felder hinter  unserer Firma. Es ist ein sch\u00f6ner Tag, die Sonne scheint mir ins Gesicht, keine  Wolke st\u00f6rt das tiefe Blau.<br \/>\nMein Weg f\u00fchrt mich auch \u00fcber eine Br\u00fccke der  SBB. Wie der Zufall es will, n\u00e4hert sich auf der schnurgeraden SBB-Strecke von  Thun her ein G\u00fcterzug. Ich stehe am Gel\u00e4nder und schaue auf die Geleise  hinunter. Wie ein Selbstm\u00f6rder, schiesst es mir durch den Kopf.<br \/>\nWas mag wohl  genau in diesem Moment einem durch die Maschen des sozialen Netzes gefallenen  Menschen am Scheideweg zwischen Leben und Tod durch den Kopf gehen? Sieht er nur  noch diesen einen, vermeintlichen Ausweg? Dr\u00fccken ihn alle Probleme gegen das  Gel\u00e4nder? Oder ist da nur noch das fatale Erwarten der (erhofften)  Erl\u00f6sung?<\/p>\n<p>W\u00e4hrend ich so in Moll vor mich hin sinniere, n\u00e4hert sich der  Zug unaufhaltsam, und mit einem Mal erkenne ich, wie sich das Bild f\u00fcr den  Lok\u00fchrer pr\u00e4sentieren k\u00f6nnte.<br \/>\nEr sieht mich auf der Br\u00fccke stehen, nahe am Gel\u00e4nder,  denkt sich seinen Teil und hofft, ich m\u00f6ge nur ein zuf\u00e4llig vorbeikommender  Fussg\u00e4nger und nicht eine zerr\u00fcttete, aus allen Wolken gefallene Seele  sein.<br \/>\nIch entsch\u00e4rfe die Situation und hebe schnell meine Hand zum Gruss.  Der Lokf\u00fchrer winkt zur\u00fcck und l\u00e4chelt.<\/p>\n<p><a href=\"http:\/\/www.derbund.ch\/bern\/Hohe-Netze-an-zwei-Berner-Bruecken\/story\/22513295\"><img decoding=\"async\" loading=\"lazy\" class=\"alignnone\" title=\"Netze an der Kirchenfeldbr\u00fccke\" src=\"http:\/\/files.newsnetz.ch\/story\/2\/2\/5\/22513295\/6\/topelement.JPG\" alt=\"\" width=\"360\" height=\"238\" \/><\/a><\/p>\n<h6>(Quelle: www.derbund.ch)<\/h6>\n<p>In Bern werden  diese Tage <a href=\"http:\/\/www.derbund.ch\/bern\/Hohe-Netze-an-zwei-Berner-Bruecken\/story\/22513295\">Netze an der Kirchenfeldbr\u00fccke<\/a> angebracht. Nicht nur um Suizide zu verhindern, sondern auch zum Schutz gegen die <a href=\"http:\/\/www.bernerzeitung.ch\/region\/bern\/Brueckensuizid-erschuettert-Schueler\/story\/23742436\">Traumatisierung von  Schulkindern<\/a> und anderen unfreiwilligen Augenzeugen.<\/p>\n<h4>Bernhard St\u00e4hli, Koordinator Care-Team Kanton Bern, appellierte auch an die Zivilcourage der Bev\u00f6lkerung:<\/h4>\n<blockquote><p>Es gelte, Personen anzusprechen, die den Anschein machen, suizidal gef\u00e4hrdet zu sein. \u00abIn dieser Zeit m\u00fcssen wir einander gegenseitig tragen, W\u00e4rme geben \u2013 mehr als Metallnetze braucht es dieses Netz\u00bb, sagte St\u00e4hli.<\/p><\/blockquote>\n<p>Es wurde im Zuge  der Aufarbeitung zur Minarettabstimmung ja viel \u00fcber die eigentlichen \u00c4ngste  der Bev\u00f6lkerung diskutiert (<a href=\"http:\/\/zappadong.blogspot.com\/2009\/12\/mr-doorman-analysiert-minarette-teil-2.html\">hier<\/a>, <a href=\"http:\/\/www.bruderbernhard.ch\/latriperie\/?p=1399#comments\">hier<\/a> und <a href=\"http:\/\/thinkabout.ch\/article\/das-schreckgespenst-namens-direkte-demokratie-fuer-die-ard\">hier<\/a>), doch es gibt auch die n\u00e4her  liegenden \u00c4ngste, die leider immer noch einem gesellschaftlichen Tabu unterworfen sind: Existenzangst, Beziehungsangst,  drohende Isolation, bis hin zur Vereinsamung und Verzweiflung.<\/p>\n<p>Spannen wir also unser pers\u00f6nliches soziales  Netz, halten Augen und Ohren offen und tragen Sorge zu unseren  Mitmenschen.<\/p>\n<p>Und falls wir damit \u00fcberfordert sind, sollten wir nicht z\u00f6gern, professionelle Hilfe anzufordern.<\/p>\n<p><a href=\"https:\/\/www.143.ch\/web\/\"><img decoding=\"async\" loading=\"lazy\" class=\"alignleft\" title=\"Die Dargebotene Hand Schweiz\" src=\"https:\/\/www.143.ch\/data_access\/143\/images\/Wasser.jpg\" alt=\"\" width=\"163\" height=\"165\" \/><\/a> <a href=\"http:\/\/bern.143.ch\/web\/\"><img decoding=\"async\" loading=\"lazy\" class=\" alignnone\" title=\"Die Dargebotene Hand Bern\" src=\"http:\/\/bern.143.ch\/data_access\/bern\/images\/ILL_Sicherungen.jpg\" alt=\"\" width=\"246\" height=\"164\" \/><\/a><\/p>\n","protected":false},"excerpt":{"rendered":"<p>Heute machte ich einen kurzen Verdauungsspaziergang \u00fcber die Felder hinter unserer Firma. Es ist ein sch\u00f6ner Tag, die Sonne scheint mir ins Gesicht, keine Wolke st\u00f6rt das tiefe Blau. Mein Weg f\u00fchrt mich auch \u00fcber eine Br\u00fccke der SBB. Wie der Zufall es will, n\u00e4hert sich auf der schnurgeraden SBB-Strecke von Thun her ein G\u00fcterzug.Continue reading &rarr;<\/p>\n","protected":false},"author":2,"featured_media":0,"comment_status":"open","ping_status":"open","sticky":false,"template":"","format":"standard","meta":{"footnotes":""},"categories":[12,16],"tags":[],"_links":{"self":[{"href":"http:\/\/www.bobsmile.ch\/wordpress\/wp-json\/wp\/v2\/posts\/1821"}],"collection":[{"href":"http:\/\/www.bobsmile.ch\/wordpress\/wp-json\/wp\/v2\/posts"}],"about":[{"href":"http:\/\/www.bobsmile.ch\/wordpress\/wp-json\/wp\/v2\/types\/post"}],"author":[{"embeddable":true,"href":"http:\/\/www.bobsmile.ch\/wordpress\/wp-json\/wp\/v2\/users\/2"}],"replies":[{"embeddable":true,"href":"http:\/\/www.bobsmile.ch\/wordpress\/wp-json\/wp\/v2\/comments?post=1821"}],"version-history":[{"count":0,"href":"http:\/\/www.bobsmile.ch\/wordpress\/wp-json\/wp\/v2\/posts\/1821\/revisions"}],"wp:attachment":[{"href":"http:\/\/www.bobsmile.ch\/wordpress\/wp-json\/wp\/v2\/media?parent=1821"}],"wp:term":[{"taxonomy":"category","embeddable":true,"href":"http:\/\/www.bobsmile.ch\/wordpress\/wp-json\/wp\/v2\/categories?post=1821"},{"taxonomy":"post_tag","embeddable":true,"href":"http:\/\/www.bobsmile.ch\/wordpress\/wp-json\/wp\/v2\/tags?post=1821"}],"curies":[{"name":"wp","href":"https:\/\/api.w.org\/{rel}","templated":true}]}}