{"id":4882,"date":"2012-06-24T12:49:57","date_gmt":"2012-06-24T11:49:57","guid":{"rendered":"http:\/\/www.bobsmile.ch\/wordpress\/?p=4882"},"modified":"2012-06-25T11:59:38","modified_gmt":"2012-06-25T10:59:38","slug":"adem-hadem-und-heinzmann-am-wakkerpreisfest-koniz","status":"publish","type":"post","link":"https:\/\/www.bobsmile.ch\/wordpress\/2012\/06\/24\/adem-hadem-und-heinzmann-am-wakkerpreisfest-koniz\/","title":{"rendered":"Wakkerpreis 2012 &#8211; Adam Had&#8217;em und Stefanie Heinzmann"},"content":{"rendered":"<p>K\u00f6niz erhielt am Samstag vom Schweizerischen Heimatschutz den <a href=\"http:\/\/www.koeniz.ch\/xml_1\/internet\/de\/application\/d1\/d953\/f954.cfm\">Wakkerpreis 2012<\/a> f\u00fcr seine vorbildliche Siedlungsentwicklung, die f\u00fcr Agglomerationsgemeinden Modellcharakter hat, verliehen.<\/p>\n<p>Im Rahmen des dazu mit Hilfe von schwergewichtigen Sponsoren auf die Beine gestellten \u00f6ffentlichen Festes, traten auch zwei absolute Knaller auf der grossen Konzertb\u00fchne im Schlosshof auf.<\/p>\n<p><a title=\"adam had'em\" href=\"http:\/\/www.adamhadem.ch\/\">ADAM HAD&#8217;EM <\/a>und <a title=\"stefanie heinzmann\" href=\"http:\/\/stefanieheinzmann.com\/\">Stefanie Heinzmann<\/a> !<\/p>\n<p><img decoding=\"async\" class=\"alignnone\" src=\"http:\/\/www.koeniz.ch\/pictures\/wf_10_web.jpg\" alt=\"\" width=\"600\" \/>\u00a0<img decoding=\"async\" class=\"alignnone\" src=\"http:\/\/www.koeniz.ch\/pictures\/wf_01_web.jpg\" alt=\"\" width=\"600\" \/><\/p>\n<p>(Fotos: <a href=\"http:\/\/www.koeniz.ch\/xml_1\/internet\/de\/application\/d1\/d953\/f956.cfm\">www.koeniz.ch<\/a>)<\/p>\n<p>Danke K\u00f6niz, danke Heimatschutz, dass wir an diesem sch\u00f6nen Sommerabend unentgeltlich als Zaungast bei Fischknusperli und <a href=\"http:\/\/www.baernermuentschi.ch\/\">B\u00e4rner M\u00fcntschi <\/a>musikalische Glanzlichter erleben durften.<\/p>\n<p><img decoding=\"async\" loading=\"lazy\" class=\"alignnone\" src=\"http:\/\/www.koeniz.ch\/pictures\/wf_52_web.jpg\" alt=\"\" width=\"450\" height=\"640\" \/><\/p>\n","protected":false},"excerpt":{"rendered":"<p>K\u00f6niz erhielt am Samstag vom Schweizerischen Heimatschutz den Wakkerpreis 2012 f\u00fcr seine vorbildliche Siedlungsentwicklung, die f\u00fcr Agglomerationsgemeinden Modellcharakter hat, verliehen. Im Rahmen des dazu mit Hilfe von schwergewichtigen Sponsoren auf die Beine gestellten \u00f6ffentlichen Festes, traten auch zwei absolute Knaller auf der grossen Konzertb\u00fchne im Schlosshof auf. ADAM HAD&#8217;EM und Stefanie Heinzmann ! \u00a0 (Fotos:Continue reading &rarr;<\/p>\n","protected":false},"author":1,"featured_media":0,"comment_status":"open","ping_status":"open","sticky":false,"template":"","format":"standard","meta":{"footnotes":""},"categories":[32,13,17],"tags":[],"_links":{"self":[{"href":"https:\/\/www.bobsmile.ch\/wordpress\/wp-json\/wp\/v2\/posts\/4882"}],"collection":[{"href":"https:\/\/www.bobsmile.ch\/wordpress\/wp-json\/wp\/v2\/posts"}],"about":[{"href":"https:\/\/www.bobsmile.ch\/wordpress\/wp-json\/wp\/v2\/types\/post"}],"author":[{"embeddable":true,"href":"https:\/\/www.bobsmile.ch\/wordpress\/wp-json\/wp\/v2\/users\/1"}],"replies":[{"embeddable":true,"href":"https:\/\/www.bobsmile.ch\/wordpress\/wp-json\/wp\/v2\/comments?post=4882"}],"version-history":[{"count":10,"href":"https:\/\/www.bobsmile.ch\/wordpress\/wp-json\/wp\/v2\/posts\/4882\/revisions"}],"predecessor-version":[{"id":4892,"href":"https:\/\/www.bobsmile.ch\/wordpress\/wp-json\/wp\/v2\/posts\/4882\/revisions\/4892"}],"wp:attachment":[{"href":"https:\/\/www.bobsmile.ch\/wordpress\/wp-json\/wp\/v2\/media?parent=4882"}],"wp:term":[{"taxonomy":"category","embeddable":true,"href":"https:\/\/www.bobsmile.ch\/wordpress\/wp-json\/wp\/v2\/categories?post=4882"},{"taxonomy":"post_tag","embeddable":true,"href":"https:\/\/www.bobsmile.ch\/wordpress\/wp-json\/wp\/v2\/tags?post=4882"}],"curies":[{"name":"wp","href":"https:\/\/api.w.org\/{rel}","templated":true}]}}